{"id":10373,"date":"2022-03-16T15:25:21","date_gmt":"2022-03-16T15:25:21","guid":{"rendered":"https:\/\/inelco-grinders.com\/the-australian-k-tig-using-our-quality-tungsten-grinders-2\/"},"modified":"2026-03-17T05:54:56","modified_gmt":"2026-03-17T05:54:56","slug":"inelco-grinders-sengage-a-reduire-limpact-sur-lenvironnement","status":"publish","type":"post","link":"https:\/\/inelco-grinders.com\/fr\/inelco-grinders-sengage-a-reduire-limpact-sur-lenvironnement\/","title":{"rendered":"Inelco Grinders <sup>\u00ae<\/sup> s\u00b4engage \u00e0 r\u00e9duire l\u00b4impact sur l\u00b4environnement"},"content":{"rendered":"\n<div class=\"wp-block-genesis-blocks-gb-columns gb-layout-service-4 gb-layout-columns-1 gb-1-col-equal gb-columns-center alignfull\" style=\"padding-top:15%;padding-right:5%;padding-bottom:15%;padding-left:5%\"><div class=\"gb-layout-column-wrap gb-block-layout-column-gap-6 gb-is-responsive-column\" style=\"max-width:1200px\">\n<div class=\"wp-block-genesis-blocks-gb-column gb-block-layout-column\"><div class=\"gb-block-layout-column-inner\">\n<p>Au sein d&#8217; Inelco Grinders <sup>\u00ae<\/sup>, nous avons commenc\u00e9 notre r\u00e9flexion sur la durabilit\u00e9 l\u00b4ann\u00e9e derni\u00e8re en examinant les mesures appropri\u00e9es pour un monde plus vert et plus durable. Au m\u00eame moment, nous avons \u00e9t\u00e9 choisi pour participer \u00e0 un projet de durabilit\u00e9 danois appel\u00e9 \u00ab&nbsp;GCO&nbsp;\u00bb (pour la conversion \u00e0 un mod\u00e8le d\u00b4entreprise circulaire et plus vert).<\/p>\n\n\n\n<p>Nous souhaitons r\u00e9duire notre propre empreinte carbone et contribuer de fa\u00e7on positive \u00e0 un agenda durable. En outre, notre intention est d&#8217;aider nos clients \u00e0 \u00e9conomiser des ressources naturelles dans d\u2019extraction et la production de tungst\u00e8ne. On consid\u00e8re que l\u2019impact sur le climat d\u2019une surconsommation est significatif et n\u00e9gatif. Par cons\u00e9quent, nous \u00e9tudions les possibilit\u00e9s de r\u00e9duire l\u2019empreinte carbone de nos clients et des n\u00f4tres.&nbsp;<\/p>\n\n\n\n<h3 class=\"wp-block-heading\">Th\u00e8mes vertes d&#8217;int\u00e9r\u00eat<\/h3>\n\n\n\n<p>Dans ce cheminement, nous sommes conscients de l\u00b4importance de la transparence ainsi qu&#8217;un \u00a0accompagnement professionnel pr\u00e9sentant chaque \u00e9tape \u00e0 suivre. Actuellement, nous nous concentrons sur les th\u00e8mes suivants\u00a0:<\/p>\n\n\n\n<ol class=\"wp-block-list\" type=\"1\"><li>R\u00e9duire notre propre empreinte carbone<\/li><li>Rendre notre Ultima-TIG<sup>\u00ae<\/sup> plus respectueuse de l\u00b4environnement<\/li><li>Nos projets de d\u00e9veloppement doivent davantage mettre l\u00b4accent sur la durabilit\u00e9<\/li><\/ol>\n\n\n\n<ol class=\"wp-block-list\" type=\"1\"><li>Pour r\u00e9duire notre propre empreinte carbone, nous consultons nos fournisseurs afin de calculer nos \u00e9missions actuelles de CO<strong><sub>2<\/sub><\/strong>. En outre, nous avons d\u00e9j\u00e0 pris les premi\u00e8res mesures pour r\u00e9duire la quantit\u00e9 de d\u00e9chets et faciliter le recyclage de ceux-ci.<\/li><li>Notre Ultima-TIG<sup>\u00ae<\/sup> se positionne d\u00e9j\u00e0 comme l\u00b4une des aff\u00fbteuses tungst\u00e8ne les plus respectueuses de l\u00b4environnement sur le march\u00e9. En effet, elle dispose d&#8217;une chambre d\u00b4aff\u00fbtage herm\u00e9tique ainsi qu\u2019un r\u00e9ceptacle r\u00e9cup\u00e9rant en toute s\u00e9curit\u00e9 les poussi\u00e8res \u00e9vitant ainsi aux particules de soudage de se disperser et de polluer l\u00b4environnement. Nous \u00e9tudions, par ailleurs, les possibilit\u00e9s de r\u00e9duire l\u00b4empreinte carbone de l\u00b4Ultima-TIG<sup>\u00ae<\/sup>.<\/li><li>En outre, nous nous engageons \u00e0 mettre davantage l\u00b4accent sur la durabilit\u00e9 dans nos emballages, dans le choix de nos fournisseurs et de nos distributeurs, etc. De plus, &nbsp;nous mettrons en place une veille durable et \u00e9cologique afin de nous am\u00e9liorer et r\u00e9duire au maximum l\u00b4impact sur l\u00b4environnement.<\/li><\/ol>\n\n\n\n<p><\/p>\n\n\n\n<p>D\u00e8s lors, nous pouvons vous pr\u00e9senter notre nouvelle ic\u00f4ne incarnant ces nouveaux objectifs. Cette ic\u00f4ne sera pr\u00e9sent\u00e9e avec nos 3 autres th\u00e8mes majeurs d\u00e9j\u00e0 connus des utilisateurs d&#8217;affuteuse :<\/p>\n<\/div><\/div>\n<\/div><\/div>\n\n\n\n<div class=\"wp-block-image\"><figure class=\"aligncenter size-large\"><img decoding=\"async\" width=\"1024\" height=\"586\" src=\"https:\/\/inelco-grinders.com\/wp-content\/uploads\/2022\/04\/Ikoner-med-tekst-FR-1024x586.png\" alt=\"\" class=\"wp-image-10500\" srcset=\"https:\/\/inelco-grinders.com\/wp-content\/uploads\/2022\/04\/Ikoner-med-tekst-FR-1024x586.png 1024w, https:\/\/inelco-grinders.com\/wp-content\/uploads\/2022\/04\/Ikoner-med-tekst-FR-300x172.png 300w, https:\/\/inelco-grinders.com\/wp-content\/uploads\/2022\/04\/Ikoner-med-tekst-FR-768x439.png 768w, https:\/\/inelco-grinders.com\/wp-content\/uploads\/2022\/04\/Ikoner-med-tekst-FR-1536x879.png 1536w, https:\/\/inelco-grinders.com\/wp-content\/uploads\/2022\/04\/Ikoner-med-tekst-FR-2048x1171.png 2048w, https:\/\/inelco-grinders.com\/wp-content\/uploads\/2022\/04\/Ikoner-med-tekst-FR-300x172@2x.png 600w, https:\/\/inelco-grinders.com\/wp-content\/uploads\/2022\/04\/Ikoner-med-tekst-FR-1536x879@2x.png 3072w\" sizes=\"(max-width: 1024px) 100vw, 1024px\" \/><\/figure><\/div>\n\n\n\n<p><meta charset=\"utf-8\">Nous vous informerons r\u00e9guli\u00e8rement de notre cheminement de durabilit\u00e9 sur notre blog ainsi que sur nos medias sociaux. Suivez-nous sur:<\/p>\n\n\n\n<p><a href=\"https:\/\/www.linkedin.com\/company\/3576739\/\">LinkedIn<\/a>, <a href=\"https:\/\/www.facebook.com\/InelcoGrinders\">Facebook<\/a>, <a href=\"https:\/\/www.instagram.com\/grindersinelco\/\">Instagram<\/a> et <a href=\"https:\/\/www.youtube.com\/user\/InelcoGrinders\">Youtube<\/a> <\/p>\n","protected":false},"excerpt":{"rendered":"<p>Vous pouvez suivre nos projets de durabilit\u00e9 favorisant un changement climatique moindre. Nous vous pr\u00e9senterons aussi notre nouvelle ic\u00f4ne !<\/p>\n","protected":false},"author":1064,"featured_media":11717,"comment_status":"closed","ping_status":"closed","sticky":false,"template":"","format":"standard","meta":{"_acf_changed":false,"inline_featured_image":false,"footnotes":""},"categories":[41,69],"tags":[],"class_list":["post-10373","post","type-post","status-publish","format-standard","has-post-thumbnail","hentry","category-all-blog-posts-fr","category-other-news-fr"],"acf":[],"yoast_head":"<!-- This site is optimized with the Yoast SEO plugin v27.0 - https:\/\/yoast.com\/product\/yoast-seo-wordpress\/ -->\n<title>Impact environnemental r\u00e9duit | Inelco Grinders<\/title>\n<meta name=\"description\" content=\"D\u00e9couvrez l\u2019engagement d\u2019Inelco Grinders pour la durabilit\u00e9 et comment nous r\u00e9duisons l\u2019impact environnemental tout en maintenant la pr\u00e9cision.\" \/>\n<meta name=\"robots\" content=\"index, follow, max-snippet:-1, max-image-preview:large, max-video-preview:-1\" \/>\n<link rel=\"canonical\" href=\"https:\/\/inelco-grinders.com\/fr\/inelco-grinders-sengage-a-reduire-limpact-sur-lenvironnement\/\" \/>\n<meta property=\"og:locale\" content=\"fr_FR\" \/>\n<meta property=\"og:type\" content=\"article\" \/>\n<meta property=\"og:title\" content=\"Impact environnemental r\u00e9duit | Inelco Grinders\" \/>\n<meta property=\"og:description\" content=\"D\u00e9couvrez l\u2019engagement d\u2019Inelco Grinders pour la durabilit\u00e9 et comment nous r\u00e9duisons l\u2019impact environnemental tout en maintenant la pr\u00e9cision.\" \/>\n<meta property=\"og:url\" content=\"https:\/\/inelco-grinders.com\/fr\/inelco-grinders-sengage-a-reduire-limpact-sur-lenvironnement\/\" \/>\n<meta property=\"og:site_name\" content=\"Inelco Grinders\" \/>\n<meta property=\"article:publisher\" content=\"https:\/\/www.facebook.com\/inelcogrinders\" \/>\n<meta property=\"article:published_time\" content=\"2022-03-16T15:25:21+00:00\" \/>\n<meta property=\"article:modified_time\" content=\"2026-03-17T05:54:56+00:00\" \/>\n<meta property=\"og:image\" content=\"https:\/\/inelco-grinders.com\/wp-content\/uploads\/2022\/03\/Sustainability-1366-x-572-sort-hvid.png\" \/>\n\t<meta property=\"og:image:width\" content=\"1366\" \/>\n\t<meta property=\"og:image:height\" content=\"572\" \/>\n\t<meta property=\"og:image:type\" content=\"image\/png\" \/>\n<meta name=\"author\" content=\"Sofie Zachariassen\" \/>\n<meta name=\"twitter:card\" content=\"summary_large_image\" \/>\n<meta name=\"twitter:label1\" content=\"\u00c9crit par\" \/>\n\t<meta name=\"twitter:data1\" content=\"Sofie Zachariassen\" \/>\n\t<meta name=\"twitter:label2\" content=\"Dur\u00e9e de lecture estim\u00e9e\" \/>\n\t<meta name=\"twitter:data2\" content=\"3 minutes\" \/>\n<!-- \/ Yoast SEO plugin. -->","yoast_head_json":{"title":"Impact environnemental r\u00e9duit | Inelco Grinders","description":"D\u00e9couvrez l\u2019engagement d\u2019Inelco Grinders pour la durabilit\u00e9 et comment nous r\u00e9duisons l\u2019impact environnemental tout en maintenant la pr\u00e9cision.","robots":{"index":"index","follow":"follow","max-snippet":"max-snippet:-1","max-image-preview":"max-image-preview:large","max-video-preview":"max-video-preview:-1"},"canonical":"https:\/\/inelco-grinders.com\/fr\/inelco-grinders-sengage-a-reduire-limpact-sur-lenvironnement\/","og_locale":"fr_FR","og_type":"article","og_title":"Impact environnemental r\u00e9duit | Inelco Grinders","og_description":"D\u00e9couvrez l\u2019engagement d\u2019Inelco Grinders pour la durabilit\u00e9 et comment nous r\u00e9duisons l\u2019impact environnemental tout en maintenant la pr\u00e9cision.","og_url":"https:\/\/inelco-grinders.com\/fr\/inelco-grinders-sengage-a-reduire-limpact-sur-lenvironnement\/","og_site_name":"Inelco Grinders","article_publisher":"https:\/\/www.facebook.com\/inelcogrinders","article_published_time":"2022-03-16T15:25:21+00:00","article_modified_time":"2026-03-17T05:54:56+00:00","og_image":[{"width":1366,"height":572,"url":"https:\/\/inelco-grinders.com\/wp-content\/uploads\/2022\/03\/Sustainability-1366-x-572-sort-hvid.png","type":"image\/png"}],"author":"Sofie Zachariassen","twitter_card":"summary_large_image","twitter_misc":{"\u00c9crit par":"Sofie Zachariassen","Dur\u00e9e de lecture estim\u00e9e":"3 minutes"},"schema":{"@context":"https:\/\/schema.org","@graph":[{"@type":"Article","@id":"https:\/\/inelco-grinders.com\/fr\/inelco-grinders-sengage-a-reduire-limpact-sur-lenvironnement\/#article","isPartOf":{"@id":"https:\/\/inelco-grinders.com\/fr\/inelco-grinders-sengage-a-reduire-limpact-sur-lenvironnement\/"},"author":{"name":"Sofie Zachariassen","@id":"https:\/\/inelco-grinders.com\/fr\/#\/schema\/person\/39a5d22eb0ca2598941fa61f3593c469"},"headline":"Inelco Grinders \u00ae s\u00b4engage \u00e0 r\u00e9duire l\u00b4impact sur l\u00b4environnement","datePublished":"2022-03-16T15:25:21+00:00","dateModified":"2026-03-17T05:54:56+00:00","mainEntityOfPage":{"@id":"https:\/\/inelco-grinders.com\/fr\/inelco-grinders-sengage-a-reduire-limpact-sur-lenvironnement\/"},"wordCount":458,"publisher":{"@id":"https:\/\/inelco-grinders.com\/fr\/#organization"},"image":{"@id":"https:\/\/inelco-grinders.com\/fr\/inelco-grinders-sengage-a-reduire-limpact-sur-lenvironnement\/#primaryimage"},"thumbnailUrl":"https:\/\/inelco-grinders.com\/wp-content\/uploads\/2022\/03\/Sustainability-1366-x-572-sort-hvid.png","articleSection":["All blog posts","Other News"],"inLanguage":"fr-FR"},{"@type":"WebPage","@id":"https:\/\/inelco-grinders.com\/fr\/inelco-grinders-sengage-a-reduire-limpact-sur-lenvironnement\/","url":"https:\/\/inelco-grinders.com\/fr\/inelco-grinders-sengage-a-reduire-limpact-sur-lenvironnement\/","name":"Impact environnemental r\u00e9duit | Inelco Grinders","isPartOf":{"@id":"https:\/\/inelco-grinders.com\/fr\/#website"},"primaryImageOfPage":{"@id":"https:\/\/inelco-grinders.com\/fr\/inelco-grinders-sengage-a-reduire-limpact-sur-lenvironnement\/#primaryimage"},"image":{"@id":"https:\/\/inelco-grinders.com\/fr\/inelco-grinders-sengage-a-reduire-limpact-sur-lenvironnement\/#primaryimage"},"thumbnailUrl":"https:\/\/inelco-grinders.com\/wp-content\/uploads\/2022\/03\/Sustainability-1366-x-572-sort-hvid.png","datePublished":"2022-03-16T15:25:21+00:00","dateModified":"2026-03-17T05:54:56+00:00","description":"D\u00e9couvrez l\u2019engagement d\u2019Inelco Grinders pour la durabilit\u00e9 et comment nous r\u00e9duisons l\u2019impact environnemental tout en maintenant la pr\u00e9cision.","inLanguage":"fr-FR","potentialAction":[{"@type":"ReadAction","target":["https:\/\/inelco-grinders.com\/fr\/inelco-grinders-sengage-a-reduire-limpact-sur-lenvironnement\/"]}]},{"@type":"ImageObject","inLanguage":"fr-FR","@id":"https:\/\/inelco-grinders.com\/fr\/inelco-grinders-sengage-a-reduire-limpact-sur-lenvironnement\/#primaryimage","url":"https:\/\/inelco-grinders.com\/wp-content\/uploads\/2022\/03\/Sustainability-1366-x-572-sort-hvid.png","contentUrl":"https:\/\/inelco-grinders.com\/wp-content\/uploads\/2022\/03\/Sustainability-1366-x-572-sort-hvid.png","width":1366,"height":572,"caption":"Sustainability"},{"@type":"WebSite","@id":"https:\/\/inelco-grinders.com\/fr\/#website","url":"https:\/\/inelco-grinders.com\/fr\/","name":"Inelco Grinders","description":"Grind tungsten electrodes safely &amp; economically","publisher":{"@id":"https:\/\/inelco-grinders.com\/fr\/#organization"},"potentialAction":[{"@type":"SearchAction","target":{"@type":"EntryPoint","urlTemplate":"https:\/\/inelco-grinders.com\/fr\/?s={search_term_string}"},"query-input":{"@type":"PropertyValueSpecification","valueRequired":true,"valueName":"search_term_string"}}],"inLanguage":"fr-FR"},{"@type":"Organization","@id":"https:\/\/inelco-grinders.com\/fr\/#organization","name":"Inelco Grinders","url":"https:\/\/inelco-grinders.com\/fr\/","logo":{"@type":"ImageObject","inLanguage":"fr-FR","@id":"https:\/\/inelco-grinders.com\/fr\/#\/schema\/logo\/image\/","url":"https:\/\/inelco-grinders.com\/wp-content\/uploads\/2025\/10\/favicon-196x196-1.png","contentUrl":"https:\/\/inelco-grinders.com\/wp-content\/uploads\/2025\/10\/favicon-196x196-1.png","width":196,"height":196,"caption":"Inelco Grinders"},"image":{"@id":"https:\/\/inelco-grinders.com\/fr\/#\/schema\/logo\/image\/"},"sameAs":["https:\/\/www.facebook.com\/inelcogrinders"]},{"@type":"Person","@id":"https:\/\/inelco-grinders.com\/fr\/#\/schema\/person\/39a5d22eb0ca2598941fa61f3593c469","name":"Sofie Zachariassen","image":{"@type":"ImageObject","inLanguage":"fr-FR","@id":"https:\/\/inelco-grinders.com\/fr\/#\/schema\/person\/image\/","url":"https:\/\/secure.gravatar.com\/avatar\/a32ebd45b7dfd219d74438c284577a480415107ca74ac753bdd18626828d8ad9?s=96&d=mm&r=g","contentUrl":"https:\/\/secure.gravatar.com\/avatar\/a32ebd45b7dfd219d74438c284577a480415107ca74ac753bdd18626828d8ad9?s=96&d=mm&r=g","caption":"Sofie Zachariassen"},"sameAs":["sz@inelco.com"]}]}},"featured_image_src":"https:\/\/inelco-grinders.com\/wp-content\/uploads\/2022\/03\/Sustainability-1366-x-572-sort-hvid-600x400.png","featured_image_src_square":"https:\/\/inelco-grinders.com\/wp-content\/uploads\/2022\/03\/Sustainability-1366-x-572-sort-hvid-600x572.png","author_info":{"display_name":"Sofie Zachariassen","author_link":"https:\/\/inelco-grinders.com\/fr\/author\/szinelco-com\/"},"_links":{"self":[{"href":"https:\/\/inelco-grinders.com\/fr\/wp-json\/wp\/v2\/posts\/10373","targetHints":{"allow":["GET"]}}],"collection":[{"href":"https:\/\/inelco-grinders.com\/fr\/wp-json\/wp\/v2\/posts"}],"about":[{"href":"https:\/\/inelco-grinders.com\/fr\/wp-json\/wp\/v2\/types\/post"}],"author":[{"embeddable":true,"href":"https:\/\/inelco-grinders.com\/fr\/wp-json\/wp\/v2\/users\/1064"}],"replies":[{"embeddable":true,"href":"https:\/\/inelco-grinders.com\/fr\/wp-json\/wp\/v2\/comments?post=10373"}],"version-history":[{"count":0,"href":"https:\/\/inelco-grinders.com\/fr\/wp-json\/wp\/v2\/posts\/10373\/revisions"}],"wp:featuredmedia":[{"embeddable":true,"href":"https:\/\/inelco-grinders.com\/fr\/wp-json\/wp\/v2\/media\/11717"}],"wp:attachment":[{"href":"https:\/\/inelco-grinders.com\/fr\/wp-json\/wp\/v2\/media?parent=10373"}],"wp:term":[{"taxonomy":"category","embeddable":true,"href":"https:\/\/inelco-grinders.com\/fr\/wp-json\/wp\/v2\/categories?post=10373"},{"taxonomy":"post_tag","embeddable":true,"href":"https:\/\/inelco-grinders.com\/fr\/wp-json\/wp\/v2\/tags?post=10373"}],"curies":[{"name":"wp","href":"https:\/\/api.w.org\/{rel}","templated":true}]}}